{"id":1,"name":"kran_admin","url":"http:\/\/www.activ-kranwerbung.com","description":"","link":"https:\/\/www.activ-kranwerbung.com\/es\/author\/kran_admin\/","slug":"kran_admin","meta":[],"yoast_head":"<!-- This site is optimized with the Yoast SEO Premium plugin v24.8 (Yoast SEO v24.8.1) - https:\/\/yoast.com\/wordpress\/plugins\/seo\/ -->\n<title>kran_admin, Autor bei Activ Kranwerbung<\/title>\n<meta name=\"robots\" content=\"index, follow, max-snippet:-1, max-image-preview:large, max-video-preview:-1\" \/>\n<link rel=\"canonical\" href=\"https:\/\/www.activ-kranwerbung.com\/es\/author\/kran_admin\/\" \/>\n<meta property=\"og:locale\" content=\"es_ES\" \/>\n<meta property=\"og:type\" content=\"profile\" \/>\n<meta property=\"og:title\" content=\"kran_admin\" \/>\n<meta property=\"og:url\" content=\"https:\/\/www.activ-kranwerbung.com\/es\/author\/kran_admin\/\" \/>\n<meta property=\"og:site_name\" content=\"Activ Kranwerbung\" \/>\n<meta property=\"og:image\" content=\"https:\/\/secure.gravatar.com\/avatar\/b708eb9b824386eaa5e5222709051c3a?s=500&d=mm&r=g\" \/>\n<meta name=\"twitter:card\" content=\"summary_large_image\" \/>\n<script type=\"application\/ld+json\" class=\"yoast-schema-graph\">{\"@context\":\"https:\/\/schema.org\",\"@graph\":[{\"@type\":\"ProfilePage\",\"@id\":\"https:\/\/www.activ-kranwerbung.com\/es\/author\/kran_admin\/\",\"url\":\"https:\/\/www.activ-kranwerbung.com\/es\/author\/kran_admin\/\",\"name\":\"kran_admin, Autor bei Activ Kranwerbung\",\"isPartOf\":{\"@id\":\"https:\/\/www.activ-kranwerbung.com\/es\/#website\"},\"breadcrumb\":{\"@id\":\"https:\/\/www.activ-kranwerbung.com\/es\/author\/kran_admin\/#breadcrumb\"},\"inLanguage\":\"es\",\"potentialAction\":[{\"@type\":\"ReadAction\",\"target\":[\"https:\/\/www.activ-kranwerbung.com\/es\/author\/kran_admin\/\"]}]},{\"@type\":\"BreadcrumbList\",\"@id\":\"https:\/\/www.activ-kranwerbung.com\/es\/author\/kran_admin\/#breadcrumb\",\"itemListElement\":[{\"@type\":\"ListItem\",\"position\":1,\"name\":\"Startseite\",\"item\":\"https:\/\/www.activ-kranwerbung.com\/es\/grua-publicitaria-perfecta\/\"},{\"@type\":\"ListItem\",\"position\":2,\"name\":\"Archive f\u00fcr kran_admin\"}]},{\"@type\":\"WebSite\",\"@id\":\"https:\/\/www.activ-kranwerbung.com\/es\/#website\",\"url\":\"https:\/\/www.activ-kranwerbung.com\/es\/\",\"name\":\"ACTIV Kranwerbung\",\"description\":\"Kanleuchtk\u00e4sten f\u00fcr alle g\u00e4nigen Systeme\",\"publisher\":{\"@id\":\"https:\/\/www.activ-kranwerbung.com\/es\/#organization\"},\"potentialAction\":[{\"@type\":\"SearchAction\",\"target\":{\"@type\":\"EntryPoint\",\"urlTemplate\":\"https:\/\/www.activ-kranwerbung.com\/es\/?s={search_term_string}\"},\"query-input\":{\"@type\":\"PropertyValueSpecification\",\"valueRequired\":true,\"valueName\":\"search_term_string\"}}],\"inLanguage\":\"es\"},{\"@type\":\"Organization\",\"@id\":\"https:\/\/www.activ-kranwerbung.com\/es\/#organization\",\"name\":\"ACTIV Werbetechnik GmbH\",\"url\":\"https:\/\/www.activ-kranwerbung.com\/es\/\",\"logo\":{\"@type\":\"ImageObject\",\"inLanguage\":\"es\",\"@id\":\"https:\/\/www.activ-kranwerbung.com\/es\/#\/schema\/logo\/image\/\",\"url\":\"https:\/\/www.activ-kranwerbung.com\/wp-content\/uploads\/2024\/01\/Logo_Activ_Kranwerbung.svg\",\"contentUrl\":\"https:\/\/www.activ-kranwerbung.com\/wp-content\/uploads\/2024\/01\/Logo_Activ_Kranwerbung.svg\",\"width\":266,\"height\":82,\"caption\":\"ACTIV Werbetechnik GmbH\"},\"image\":{\"@id\":\"https:\/\/www.activ-kranwerbung.com\/es\/#\/schema\/logo\/image\/\"},\"sameAs\":[\"https:\/\/www.facebook.com\/activ.werbetechnik\/\",\"https:\/\/www.instagram.com\/activ_werbetechnik_gmbh\/\"]},{\"@type\":\"Person\",\"@id\":\"https:\/\/www.activ-kranwerbung.com\/es\/#\/schema\/person\/ae8fceaeb64e62e0a39456f8d7f5095e\",\"name\":\"kran_admin\",\"sameAs\":[\"http:\/\/www.activ-kranwerbung.com\"],\"mainEntityOfPage\":{\"@id\":\"https:\/\/www.activ-kranwerbung.com\/es\/author\/kran_admin\/\"}}]}<\/script>\n<!-- \/ Yoast SEO Premium plugin. -->","yoast_head_json":{"title":"kran_admin, Autor bei Activ Kranwerbung","robots":{"index":"index","follow":"follow","max-snippet":"max-snippet:-1","max-image-preview":"max-image-preview:large","max-video-preview":"max-video-preview:-1"},"canonical":"https:\/\/www.activ-kranwerbung.com\/es\/author\/kran_admin\/","og_locale":"es_ES","og_type":"profile","og_title":"kran_admin","og_url":"https:\/\/www.activ-kranwerbung.com\/es\/author\/kran_admin\/","og_site_name":"Activ Kranwerbung","og_image":[{"url":"https:\/\/secure.gravatar.com\/avatar\/b708eb9b824386eaa5e5222709051c3a?s=500&d=mm&r=g","type":"","width":"","height":""}],"twitter_card":"summary_large_image","schema":{"@context":"https:\/\/schema.org","@graph":[{"@type":"ProfilePage","@id":"https:\/\/www.activ-kranwerbung.com\/es\/author\/kran_admin\/","url":"https:\/\/www.activ-kranwerbung.com\/es\/author\/kran_admin\/","name":"kran_admin, Autor bei Activ Kranwerbung","isPartOf":{"@id":"https:\/\/www.activ-kranwerbung.com\/es\/#website"},"breadcrumb":{"@id":"https:\/\/www.activ-kranwerbung.com\/es\/author\/kran_admin\/#breadcrumb"},"inLanguage":"es","potentialAction":[{"@type":"ReadAction","target":["https:\/\/www.activ-kranwerbung.com\/es\/author\/kran_admin\/"]}]},{"@type":"BreadcrumbList","@id":"https:\/\/www.activ-kranwerbung.com\/es\/author\/kran_admin\/#breadcrumb","itemListElement":[{"@type":"ListItem","position":1,"name":"Startseite","item":"https:\/\/www.activ-kranwerbung.com\/es\/grua-publicitaria-perfecta\/"},{"@type":"ListItem","position":2,"name":"Archive f\u00fcr kran_admin"}]},{"@type":"WebSite","@id":"https:\/\/www.activ-kranwerbung.com\/es\/#website","url":"https:\/\/www.activ-kranwerbung.com\/es\/","name":"ACTIV Kranwerbung","description":"Kanleuchtk\u00e4sten f\u00fcr alle g\u00e4nigen Systeme","publisher":{"@id":"https:\/\/www.activ-kranwerbung.com\/es\/#organization"},"potentialAction":[{"@type":"SearchAction","target":{"@type":"EntryPoint","urlTemplate":"https:\/\/www.activ-kranwerbung.com\/es\/?s={search_term_string}"},"query-input":{"@type":"PropertyValueSpecification","valueRequired":true,"valueName":"search_term_string"}}],"inLanguage":"es"},{"@type":"Organization","@id":"https:\/\/www.activ-kranwerbung.com\/es\/#organization","name":"ACTIV Werbetechnik GmbH","url":"https:\/\/www.activ-kranwerbung.com\/es\/","logo":{"@type":"ImageObject","inLanguage":"es","@id":"https:\/\/www.activ-kranwerbung.com\/es\/#\/schema\/logo\/image\/","url":"https:\/\/www.activ-kranwerbung.com\/wp-content\/uploads\/2024\/01\/Logo_Activ_Kranwerbung.svg","contentUrl":"https:\/\/www.activ-kranwerbung.com\/wp-content\/uploads\/2024\/01\/Logo_Activ_Kranwerbung.svg","width":266,"height":82,"caption":"ACTIV Werbetechnik GmbH"},"image":{"@id":"https:\/\/www.activ-kranwerbung.com\/es\/#\/schema\/logo\/image\/"},"sameAs":["https:\/\/www.facebook.com\/activ.werbetechnik\/","https:\/\/www.instagram.com\/activ_werbetechnik_gmbh\/"]},{"@type":"Person","@id":"https:\/\/www.activ-kranwerbung.com\/es\/#\/schema\/person\/ae8fceaeb64e62e0a39456f8d7f5095e","name":"kran_admin","sameAs":["http:\/\/www.activ-kranwerbung.com"],"mainEntityOfPage":{"@id":"https:\/\/www.activ-kranwerbung.com\/es\/author\/kran_admin\/"}}]}},"elementor_introduction":{"ai-get-started-announcement":true,"exit_to":true},"_links":{"self":[{"href":"https:\/\/www.activ-kranwerbung.com\/es\/wp-json\/wp\/v2\/users\/1","targetHints":{"allow":["GET"]}}],"collection":[{"href":"https:\/\/www.activ-kranwerbung.com\/es\/wp-json\/wp\/v2\/users"}]}}